{"id":17733,"date":"2024-08-01T09:13:00","date_gmt":"2024-08-01T07:13:00","guid":{"rendered":"https:\/\/www.ecole.amed-sahloul.com\/?p=17733"},"modified":"2024-08-27T09:47:41","modified_gmt":"2024-08-27T07:47:41","slug":"lannee-2024-2025-marque-le-20eme-anniversaire-de-notre-groupe-soyez-les-bienvenus","status":"publish","type":"post","link":"https:\/\/www.ecole.amed-sahloul.com\/?p=17733","title":{"rendered":"L\u2019ann\u00e9e 2024-2025 marque le 20\u00e8me anniversaire de notre groupe, Soyez les bienvenus."},"content":{"rendered":"\n<p>Le Groupe Amed f\u00eate ses 20 ans.<\/p>\n\n\n\n<p>L&rsquo;ann\u00e9e 2024-2025 marque le 20\u00e8me anniversaire de notre groupe .<\/p>\n\n\n\n<p>Pr\u00e9parez vous pour une ann\u00e9e exceptionnelle pleine de festivit\u00e9s et de surprises.<\/p>\n\n\n\n<p>Pour c\u00e9l\u00e9brer cet \u00e9v\u00e8nement, une c\u00e9r\u00e9monie de c\u00e9l\u00e9bration des 17 promotions de notre \u00e9cole sup\u00e9rieure des sciences infirmi\u00e8res sera organis\u00e9e le 20 ao\u00fbt 2024 \u00e0 partir de 19h \u00e0 l&rsquo;espace les jardins Fleuris.<\/p>\n\n\n\n<p>Cet \u00e9v\u00e9nement va marquer les 20 ans depuis la cr\u00e9ation du groupe Amed et accueillera les majeurs <a><\/a>des anciens dipl\u00f4m\u00e9s.<\/p>\n\n\n\n<p>Soyez les bienvenus.<\/p>\n\n\n\n<figure class=\"wp-block-image size-large\"><img loading=\"lazy\" decoding=\"async\" width=\"1024\" height=\"762\" src=\"https:\/\/www.ecole.amed-sahloul.com\/wp-content\/uploads\/2024\/08\/Anniversaire-Groupe-AMED-20-ans-1024x762.jpg\" alt=\"\" class=\"wp-image-17741\" srcset=\"https:\/\/www.ecole.amed-sahloul.com\/wp-content\/uploads\/2024\/08\/Anniversaire-Groupe-AMED-20-ans-1024x762.jpg 1024w, https:\/\/www.ecole.amed-sahloul.com\/wp-content\/uploads\/2024\/08\/Anniversaire-Groupe-AMED-20-ans-300x223.jpg 300w, https:\/\/www.ecole.amed-sahloul.com\/wp-content\/uploads\/2024\/08\/Anniversaire-Groupe-AMED-20-ans-768x572.jpg 768w, https:\/\/www.ecole.amed-sahloul.com\/wp-content\/uploads\/2024\/08\/Anniversaire-Groupe-AMED-20-ans-1536x1143.jpg 1536w, https:\/\/www.ecole.amed-sahloul.com\/wp-content\/uploads\/2024\/08\/Anniversaire-Groupe-AMED-20-ans.jpg 1706w\" sizes=\"auto, (max-width: 1024px) 100vw, 1024px\" \/><\/figure>\n","protected":false},"excerpt":{"rendered":"<p>Le Groupe Amed f\u00eate ses 20 ans. L&rsquo;ann\u00e9e 2024-2025 marque le 20\u00e8me anniversaire de notre groupe . Pr\u00e9parez vous pour une ann\u00e9e exceptionnelle pleine de festivit\u00e9s et de surprises. Pour c\u00e9l\u00e9brer cet \u00e9v\u00e8nement, une c\u00e9r\u00e9monie de c\u00e9l\u00e9bration des 17 promotions de notre \u00e9cole sup\u00e9rieure des sciences infirmi\u00e8res sera organis\u00e9e le 20 ao\u00fbt 2024 \u00e0 partir [&hellip;]<\/p>\n","protected":false},"author":1,"featured_media":17744,"comment_status":"closed","ping_status":"closed","sticky":false,"template":"","format":"standard","meta":{"footnotes":""},"categories":[207],"tags":[],"class_list":["post-17733","post","type-post","status-publish","format-standard","has-post-thumbnail","hentry","category-ecole-primaire-amed-sahloul"],"_links":{"self":[{"href":"https:\/\/www.ecole.amed-sahloul.com\/index.php?rest_route=\/wp\/v2\/posts\/17733","targetHints":{"allow":["GET"]}}],"collection":[{"href":"https:\/\/www.ecole.amed-sahloul.com\/index.php?rest_route=\/wp\/v2\/posts"}],"about":[{"href":"https:\/\/www.ecole.amed-sahloul.com\/index.php?rest_route=\/wp\/v2\/types\/post"}],"author":[{"embeddable":true,"href":"https:\/\/www.ecole.amed-sahloul.com\/index.php?rest_route=\/wp\/v2\/users\/1"}],"replies":[{"embeddable":true,"href":"https:\/\/www.ecole.amed-sahloul.com\/index.php?rest_route=%2Fwp%2Fv2%2Fcomments&post=17733"}],"version-history":[{"count":4,"href":"https:\/\/www.ecole.amed-sahloul.com\/index.php?rest_route=\/wp\/v2\/posts\/17733\/revisions"}],"predecessor-version":[{"id":17746,"href":"https:\/\/www.ecole.amed-sahloul.com\/index.php?rest_route=\/wp\/v2\/posts\/17733\/revisions\/17746"}],"wp:featuredmedia":[{"embeddable":true,"href":"https:\/\/www.ecole.amed-sahloul.com\/index.php?rest_route=\/wp\/v2\/media\/17744"}],"wp:attachment":[{"href":"https:\/\/www.ecole.amed-sahloul.com\/index.php?rest_route=%2Fwp%2Fv2%2Fmedia&parent=17733"}],"wp:term":[{"taxonomy":"category","embeddable":true,"href":"https:\/\/www.ecole.amed-sahloul.com\/index.php?rest_route=%2Fwp%2Fv2%2Fcategories&post=17733"},{"taxonomy":"post_tag","embeddable":true,"href":"https:\/\/www.ecole.amed-sahloul.com\/index.php?rest_route=%2Fwp%2Fv2%2Ftags&post=17733"}],"curies":[{"name":"wp","href":"https:\/\/api.w.org\/{rel}","templated":true}]}}