{"id":15271,"date":"2023-04-26T14:50:21","date_gmt":"2023-04-26T12:50:21","guid":{"rendered":"http:\/\/192.168.1.106\/wordpress\/?p=15271"},"modified":"2023-06-07T13:30:13","modified_gmt":"2023-06-07T11:30:13","slug":"lequipe-pedagogique-de-lecole-primaire-amed-sahloul-sest-reunie-le-samedi-26-11-2022","status":"publish","type":"post","link":"https:\/\/www.ecole.amed-sahloul.com\/?p=15271","title":{"rendered":"L&rsquo;\u00e9quipe P\u00e9dagogique de l&rsquo;\u00e9cole primaire Amed Sahloul s&rsquo;est r\u00e9unie le samedi 26\/11\/2022"},"content":{"rendered":"\n<p>\u263a\ufe0fL&rsquo;\u00e9quipe p\u00e9dagogique de l&rsquo;\u00e9cole primaire #Amed Sahloul s&rsquo;est r\u00e9unie le samedi 26\/11\/2022 dans une #ambiance conviviale autour d&rsquo;un petit-d\u00e9jeuner pour faire le #bilan du premier trimestre et consolider les liens d&rsquo;amiti\u00e9 et de partage. ????<br>????Bravo \u00e0 notre \u00e9quipe p\u00e9dagogique.\u2764\ufe0f Nous sommes tr\u00e8s fiers de vous.\u2764\ufe0f<\/p>\n\n\n\n<figure class=\"wp-block-image size-full is-resized\"><img loading=\"lazy\" decoding=\"async\" src=\"http:\/\/192.168.1.106\/wordpress\/wp-content\/uploads\/2023\/04\/equipe-pedagogique-de-ecole-primaire-Amed-Sahloul-reunie-samedi-26-11-2022.png\" alt=\"\" class=\"wp-image-15284\" width=\"840\" height=\"681\" srcset=\"https:\/\/www.ecole.amed-sahloul.com\/wp-content\/uploads\/2023\/04\/equipe-pedagogique-de-ecole-primaire-Amed-Sahloul-reunie-samedi-26-11-2022.png 757w, https:\/\/www.ecole.amed-sahloul.com\/wp-content\/uploads\/2023\/04\/equipe-pedagogique-de-ecole-primaire-Amed-Sahloul-reunie-samedi-26-11-2022-300x243.png 300w\" sizes=\"auto, (max-width: 840px) 100vw, 840px\" \/><\/figure>\n\n\n\n<p><\/p>\n","protected":false},"excerpt":{"rendered":"<p>\u263a\ufe0fL&rsquo;\u00e9quipe p\u00e9dagogique de l&rsquo;\u00e9cole primaire #Amed Sahloul s&rsquo;est r\u00e9unie le samedi 26\/11\/2022 dans une #ambiance conviviale autour d&rsquo;un petit-d\u00e9jeuner pour faire le #bilan du premier trimestre et consolider les liens d&rsquo;amiti\u00e9 et de partage. ????????Bravo \u00e0 notre \u00e9quipe p\u00e9dagogique.\u2764\ufe0f Nous sommes tr\u00e8s fiers de vous.\u2764\ufe0f<\/p>\n","protected":false},"author":1,"featured_media":15404,"comment_status":"closed","ping_status":"closed","sticky":false,"template":"","format":"standard","meta":{"footnotes":""},"categories":[207],"tags":[],"class_list":["post-15271","post","type-post","status-publish","format-standard","has-post-thumbnail","hentry","category-ecole-primaire-amed-sahloul"],"_links":{"self":[{"href":"https:\/\/www.ecole.amed-sahloul.com\/index.php?rest_route=\/wp\/v2\/posts\/15271","targetHints":{"allow":["GET"]}}],"collection":[{"href":"https:\/\/www.ecole.amed-sahloul.com\/index.php?rest_route=\/wp\/v2\/posts"}],"about":[{"href":"https:\/\/www.ecole.amed-sahloul.com\/index.php?rest_route=\/wp\/v2\/types\/post"}],"author":[{"embeddable":true,"href":"https:\/\/www.ecole.amed-sahloul.com\/index.php?rest_route=\/wp\/v2\/users\/1"}],"replies":[{"embeddable":true,"href":"https:\/\/www.ecole.amed-sahloul.com\/index.php?rest_route=%2Fwp%2Fv2%2Fcomments&post=15271"}],"version-history":[{"count":5,"href":"https:\/\/www.ecole.amed-sahloul.com\/index.php?rest_route=\/wp\/v2\/posts\/15271\/revisions"}],"predecessor-version":[{"id":15476,"href":"https:\/\/www.ecole.amed-sahloul.com\/index.php?rest_route=\/wp\/v2\/posts\/15271\/revisions\/15476"}],"wp:featuredmedia":[{"embeddable":true,"href":"https:\/\/www.ecole.amed-sahloul.com\/index.php?rest_route=\/wp\/v2\/media\/15404"}],"wp:attachment":[{"href":"https:\/\/www.ecole.amed-sahloul.com\/index.php?rest_route=%2Fwp%2Fv2%2Fmedia&parent=15271"}],"wp:term":[{"taxonomy":"category","embeddable":true,"href":"https:\/\/www.ecole.amed-sahloul.com\/index.php?rest_route=%2Fwp%2Fv2%2Fcategories&post=15271"},{"taxonomy":"post_tag","embeddable":true,"href":"https:\/\/www.ecole.amed-sahloul.com\/index.php?rest_route=%2Fwp%2Fv2%2Ftags&post=15271"}],"curies":[{"name":"wp","href":"https:\/\/api.w.org\/{rel}","templated":true}]}}